{"id":887,"date":"2026-03-18T17:31:30","date_gmt":"2026-03-18T17:31:30","guid":{"rendered":"https:\/\/andygalexandru.com\/?p=887"},"modified":"2026-03-18T17:31:31","modified_gmt":"2026-03-18T17:31:31","slug":"cat-costa-sedinta-foto-bucuresti","status":"publish","type":"post","link":"https:\/\/andygalexandru.com\/?p=887","title":{"rendered":"C\u00e2t cost\u0103 o \u0219edin\u021b\u0103 foto \u00een Bucure\u0219ti"},"content":{"rendered":"\n<h1 class=\"wp-block-heading\"><br>C\u00e2t cost\u0103 o \u0219edin\u021b\u0103 foto \u00een Bucure\u0219ti<\/h1>\n\n\n\n<p>Dac\u0103 te \u00eentrebi c\u00e2t cost\u0103 o \u0219edin\u021b\u0103 foto \u00een Bucure\u0219ti, r\u0103spunsul nu este \u00eentotdeauna simplu. Pre\u021bul poate varia \u00een func\u021bie de experien\u021ba fotografului, tipul de fotografie, complexitatea proiectului \u0219i nivelul de editare dorit.<\/p>\n\n\n\n<p>\u00cen acest articol \u00ee\u021bi explic concret cum se calculeaz\u0103 costul unei \u0219edin\u021be foto \u0219i la ce trebuie s\u0103 fii atent atunci c\u00e2nd compari ofertele.<\/p>\n\n\n\n<h2 class=\"wp-block-heading\"><br><br><strong>Ce influen\u021beaz\u0103 pre\u021bul unei \u0219edin\u021be foto<\/strong><br><\/h2>\n\n\n\n<p>Costul unei \u0219edin\u021be foto nu \u00eenseamn\u0103 doar timpul petrecut \u00een fa\u021ba camerei. \u00cen realitate, exist\u0103 mai mul\u021bi factori care contribuie la pre\u021bul final:<\/p>\n\n\n\n<ul class=\"wp-block-list\">\n<li>experien\u021ba fotografului<\/li>\n\n\n\n<li>durata \u0219edin\u021bei<\/li>\n\n\n\n<li>nivelul de editare<\/li>\n\n\n\n<li>loca\u021bia (studio sau exterior)<\/li>\n\n\n\n<li>complexitatea conceptului<\/li>\n<\/ul>\n\n\n\n<p>Un fotograf profesionist investe\u0219te \u00een echipament, lumin\u0103, software \u0219i experien\u021b\u0103, iar toate acestea se reflect\u0103 \u00een rezultatul final.<\/p>\n\n\n\n<h2 class=\"wp-block-heading\"><br><br><strong>Costul edit\u0103rii fotografiilor<\/strong><br><\/h2>\n\n\n\n<p>Editarea este una dintre cele mai importante etape \u0219i poate face diferen\u021ba \u00eentre o fotografie bun\u0103 \u0219i una profesional\u0103.<\/p>\n\n\n\n<p>\u00cen func\u021bie de nivelul dorit:<\/p>\n\n\n\n<ul class=\"wp-block-list\">\n<li><strong>50 RON \/ imagine<\/strong> \u2013 editare standard<\/li>\n\n\n\n<li><strong>150 RON \/ imagine<\/strong> \u2013 editare high-end (inclusiv retu\u0219 avansat \u0219i remodelare corporal\u0103)<\/li>\n<\/ul>\n\n\n\n<p>Editarea profesional\u0103 presupune corec\u021bii de lumin\u0103, culoare, detalii \u0219i, \u00een cazul retu\u0219ului avansat, ajust\u0103ri fine care duc imaginea la nivel premium.<\/p>\n\n\n\n<h2 class=\"wp-block-heading\"><br><br><strong>Costul studioului foto<\/strong><br><\/h2>\n\n\n\n<p>Dac\u0103 \u0219edin\u021ba are loc \u00een studio, apare un cost suplimentar.<\/p>\n\n\n\n<ul class=\"wp-block-list\">\n<li><strong>Taxa de studio \u00eencepe de la 200 RON<\/strong><\/li>\n<\/ul>\n\n\n\n<p>Aceasta include:<\/p>\n\n\n\n<ul class=\"wp-block-list\">\n<li>consumabile<\/li>\n\n\n\n<li>echipamente<\/li>\n\n\n\n<li>energie electric\u0103<\/li>\n\n\n\n<li>preg\u0103tirea spa\u021biului<\/li>\n\n\n\n<li>cur\u0103\u021benie<\/li>\n<\/ul>\n\n\n\n<p>\u00cen cazul unor proiecte mai complexe (decoruri speciale, seturi elaborate), costul poate cre\u0219te.<\/p>\n\n\n\n<h2 class=\"wp-block-heading\"><br><br><strong>Ce NU este inclus (\u0219i trebuie s\u0103 \u0219tii)<\/strong><br><\/h2>\n\n\n\n<p>Un aspect important pe care mul\u021bi clien\u021bi nu \u00eel cunosc:<\/p>\n\n\n\n<p>\ud83d\udc49 <strong>Fi\u0219ierele RAW nu se livreaz\u0103<\/strong><\/p>\n\n\n\n<p>Acest lucru este standard \u00een industrie, deoarece imaginile finale reflect\u0103 stilul \u0219i procesul artistic al fotografului.<\/p>\n\n\n\n<h2 class=\"wp-block-heading\"><br><br><strong>C\u00e2t ajunge \u00een total o \u0219edin\u021b\u0103 foto<\/strong><br><\/h2>\n\n\n\n<p>Un exemplu realist:<\/p>\n\n\n\n<ul class=\"wp-block-list\">\n<li>1 or\u0103 shooting: 200 RON<\/li>\n\n\n\n<li>studio: 200 RON<\/li>\n\n\n\n<li>5 fotografii editate standard: 250 RON<\/li>\n<\/ul>\n\n\n\n<p>\ud83d\udc49 Total: aproximativ <strong>650 RON<\/strong><\/p>\n\n\n\n<p>Dac\u0103 alegi editare high-end, costul poate cre\u0219te semnificativ, \u00een func\u021bie de num\u0103rul de imagini.<\/p>\n\n\n\n<h2 class=\"wp-block-heading\"><br><br><strong>De ce exist\u0103 diferen\u021be de pre\u021b \u00eentre fotografi<\/strong><br><\/h2>\n\n\n\n<p>Probabil ai observat c\u0103 pre\u021burile variaz\u0103 mult.<\/p>\n\n\n\n<p>Diferen\u021bele apar din:<\/p>\n\n\n\n<ul class=\"wp-block-list\">\n<li>experien\u021b\u0103<\/li>\n\n\n\n<li>stil artistic<\/li>\n\n\n\n<li>calitatea luminii \u0219i echipamentului<\/li>\n\n\n\n<li>nivelul de editare<\/li>\n\n\n\n<li>pozi\u021bionare pe pia\u021b\u0103<\/li>\n<\/ul>\n\n\n\n<p>Un fotograf mai ieftin nu \u00eenseamn\u0103 neap\u0103rat o alegere mai bun\u0103, la fel cum un pre\u021b mai mare reflect\u0103 de obicei un nivel mai ridicat de calitate \u0219i consisten\u021b\u0103.<\/p>\n\n\n\n<h2 class=\"wp-block-heading\"><br><br><strong>Cum alegi corect, nu doar dup\u0103 pre\u021b<\/strong><br><\/h2>\n\n\n\n<p>Pre\u021bul este important, dar nu ar trebui s\u0103 fie singurul criteriu.<\/p>\n\n\n\n<p>\u00cenainte s\u0103 alegi un <a href=\"https:\/\/andygalexandru.com\/\" type=\"page\" id=\"16\">fotograf<\/a>:<\/p>\n\n\n\n<ul class=\"wp-block-list\">\n<li>analizeaz\u0103 portofoliul<\/li>\n\n\n\n<li>verific\u0103 stilul<\/li>\n\n\n\n<li>vezi consisten\u021ba imaginilor<\/li>\n\n\n\n<li>discut\u0103 clar ce prime\u0219ti<\/li>\n<\/ul>\n\n\n\n<p>O \u0219edin\u021b\u0103 foto este o investi\u021bie \u00een imaginea ta, nu doar un cost.<\/p>\n","protected":false},"excerpt":{"rendered":"<p>C\u00e2t cost\u0103 o \u0219edin\u021b\u0103 foto \u00een Bucure\u0219ti Dac\u0103 te \u00eentrebi c\u00e2t cost\u0103 o \u0219edin\u021b\u0103 foto &#8230;<\/p>\n","protected":false},"author":1,"featured_media":890,"comment_status":"open","ping_status":"open","sticky":false,"template":"","format":"standard","meta":{"footnotes":""},"categories":[5],"tags":[],"class_list":["post-887","post","type-post","status-publish","format-standard","has-post-thumbnail","hentry","category-client-guide"],"yoast_head":"<!-- This site is optimized with the Yoast SEO plugin v27.1.1 - https:\/\/yoast.com\/product\/yoast-seo-wordpress\/ -->\n<title>C\u00e2t cost\u0103 o \u0219edin\u021b\u0103 foto \u00een Bucure\u0219ti \u00een 2026 | Ghid complet pre\u021buri<\/title>\n<meta name=\"description\" content=\"Afl\u0103 c\u00e2t cost\u0103 o \u0219edin\u021b\u0103 foto \u00een Bucure\u0219ti. Vezi tarife reale pentru fotograf, editare, studio \u0219i ce include o sesiune profesional\u0103.\" \/>\n<meta name=\"robots\" content=\"index, follow, max-snippet:-1, max-image-preview:large, max-video-preview:-1\" \/>\n<link rel=\"canonical\" href=\"https:\/\/andygalexandru.com\/?p=887\" \/>\n<meta property=\"og:locale\" content=\"en_US\" \/>\n<meta property=\"og:type\" content=\"article\" \/>\n<meta property=\"og:title\" content=\"C\u00e2t cost\u0103 o \u0219edin\u021b\u0103 foto \u00een Bucure\u0219ti \u00een 2026 | Ghid complet pre\u021buri\" \/>\n<meta property=\"og:description\" content=\"Afl\u0103 c\u00e2t cost\u0103 o \u0219edin\u021b\u0103 foto \u00een Bucure\u0219ti. Vezi tarife reale pentru fotograf, editare, studio \u0219i ce include o sesiune profesional\u0103.\" \/>\n<meta property=\"og:url\" content=\"https:\/\/andygalexandru.com\/?p=887\" \/>\n<meta property=\"og:site_name\" content=\"Andy G. Alexandru\" \/>\n<meta property=\"article:published_time\" content=\"2026-03-18T17:31:30+00:00\" \/>\n<meta property=\"article:modified_time\" content=\"2026-03-18T17:31:31+00:00\" \/>\n<meta property=\"og:image\" content=\"https:\/\/andygalexandru.com\/wp-content\/uploads\/2026\/03\/sedinta-foto-bucuresti-pret-studio-portret.jpg\" \/>\n\t<meta property=\"og:image:width\" content=\"1920\" \/>\n\t<meta property=\"og:image:height\" content=\"1080\" \/>\n\t<meta property=\"og:image:type\" content=\"image\/jpeg\" \/>\n<meta name=\"author\" content=\"usrandyprs\" \/>\n<meta name=\"twitter:card\" content=\"summary_large_image\" \/>\n<meta name=\"twitter:label1\" content=\"Written by\" \/>\n\t<meta name=\"twitter:data1\" content=\"usrandyprs\" \/>\n\t<meta name=\"twitter:label2\" content=\"Est. reading time\" \/>\n\t<meta name=\"twitter:data2\" content=\"3 minutes\" \/>\n<script type=\"application\/ld+json\" class=\"yoast-schema-graph\">{\"@context\":\"https:\/\/schema.org\",\"@graph\":[{\"@type\":\"Article\",\"@id\":\"https:\/\/andygalexandru.com\/?p=887#article\",\"isPartOf\":{\"@id\":\"https:\/\/andygalexandru.com\/?p=887\"},\"author\":{\"name\":\"usrandyprs\",\"@id\":\"https:\/\/andygalexandru.com\/#\/schema\/person\/3670e6f0a90d748f1db65a598e5b0c1b\"},\"headline\":\"C\u00e2t cost\u0103 o \u0219edin\u021b\u0103 foto \u00een Bucure\u0219ti\",\"datePublished\":\"2026-03-18T17:31:30+00:00\",\"dateModified\":\"2026-03-18T17:31:31+00:00\",\"mainEntityOfPage\":{\"@id\":\"https:\/\/andygalexandru.com\/?p=887\"},\"wordCount\":467,\"commentCount\":0,\"publisher\":{\"@id\":\"https:\/\/andygalexandru.com\/#organization\"},\"image\":{\"@id\":\"https:\/\/andygalexandru.com\/?p=887#primaryimage\"},\"thumbnailUrl\":\"https:\/\/andygalexandru.com\/wp-content\/uploads\/2026\/03\/sedinta-foto-bucuresti-pret-studio-portret.jpg\",\"articleSection\":[\"Client Guide\"],\"inLanguage\":\"en-US\",\"potentialAction\":[{\"@type\":\"CommentAction\",\"name\":\"Comment\",\"target\":[\"https:\/\/andygalexandru.com\/?p=887#respond\"]}]},{\"@type\":\"WebPage\",\"@id\":\"https:\/\/andygalexandru.com\/?p=887\",\"url\":\"https:\/\/andygalexandru.com\/?p=887\",\"name\":\"C\u00e2t cost\u0103 o \u0219edin\u021b\u0103 foto \u00een Bucure\u0219ti \u00een 2026 | Ghid complet pre\u021buri\",\"isPartOf\":{\"@id\":\"https:\/\/andygalexandru.com\/#website\"},\"primaryImageOfPage\":{\"@id\":\"https:\/\/andygalexandru.com\/?p=887#primaryimage\"},\"image\":{\"@id\":\"https:\/\/andygalexandru.com\/?p=887#primaryimage\"},\"thumbnailUrl\":\"https:\/\/andygalexandru.com\/wp-content\/uploads\/2026\/03\/sedinta-foto-bucuresti-pret-studio-portret.jpg\",\"datePublished\":\"2026-03-18T17:31:30+00:00\",\"dateModified\":\"2026-03-18T17:31:31+00:00\",\"description\":\"Afl\u0103 c\u00e2t cost\u0103 o \u0219edin\u021b\u0103 foto \u00een Bucure\u0219ti. Vezi tarife reale pentru fotograf, editare, studio \u0219i ce include o sesiune profesional\u0103.\",\"breadcrumb\":{\"@id\":\"https:\/\/andygalexandru.com\/?p=887#breadcrumb\"},\"inLanguage\":\"en-US\",\"potentialAction\":[{\"@type\":\"ReadAction\",\"target\":[\"https:\/\/andygalexandru.com\/?p=887\"]}]},{\"@type\":\"ImageObject\",\"inLanguage\":\"en-US\",\"@id\":\"https:\/\/andygalexandru.com\/?p=887#primaryimage\",\"url\":\"https:\/\/andygalexandru.com\/wp-content\/uploads\/2026\/03\/sedinta-foto-bucuresti-pret-studio-portret.jpg\",\"contentUrl\":\"https:\/\/andygalexandru.com\/wp-content\/uploads\/2026\/03\/sedinta-foto-bucuresti-pret-studio-portret.jpg\",\"width\":1920,\"height\":1080,\"caption\":\"cat costa o sedinta foto in bucuresti studio portret profesional\"},{\"@type\":\"BreadcrumbList\",\"@id\":\"https:\/\/andygalexandru.com\/?p=887#breadcrumb\",\"itemListElement\":[{\"@type\":\"ListItem\",\"position\":1,\"name\":\"Home\",\"item\":\"https:\/\/andygalexandru.com\/\"},{\"@type\":\"ListItem\",\"position\":2,\"name\":\"C\u00e2t cost\u0103 o \u0219edin\u021b\u0103 foto \u00een Bucure\u0219ti\"}]},{\"@type\":\"WebSite\",\"@id\":\"https:\/\/andygalexandru.com\/#website\",\"url\":\"https:\/\/andygalexandru.com\/\",\"name\":\"Andy G. Alexandru\",\"description\":\"Fotograf profesionist \u00een Bucure\u0219ti \u2013 Portrete, Fashion, Dans &amp; Peisaj\",\"publisher\":{\"@id\":\"https:\/\/andygalexandru.com\/#organization\"},\"potentialAction\":[{\"@type\":\"SearchAction\",\"target\":{\"@type\":\"EntryPoint\",\"urlTemplate\":\"https:\/\/andygalexandru.com\/?s={search_term_string}\"},\"query-input\":{\"@type\":\"PropertyValueSpecification\",\"valueRequired\":true,\"valueName\":\"search_term_string\"}}],\"inLanguage\":\"en-US\"},{\"@type\":\"Organization\",\"@id\":\"https:\/\/andygalexandru.com\/#organization\",\"name\":\"Andy G. Alexandru\",\"url\":\"https:\/\/andygalexandru.com\/\",\"logo\":{\"@type\":\"ImageObject\",\"inLanguage\":\"en-US\",\"@id\":\"https:\/\/andygalexandru.com\/#\/schema\/logo\/image\/\",\"url\":\"https:\/\/andygalexandru.com\/wp-content\/uploads\/2026\/01\/signature-White.png\",\"contentUrl\":\"https:\/\/andygalexandru.com\/wp-content\/uploads\/2026\/01\/signature-White.png\",\"width\":166,\"height\":70,\"caption\":\"Andy G. Alexandru\"},\"image\":{\"@id\":\"https:\/\/andygalexandru.com\/#\/schema\/logo\/image\/\"}},{\"@type\":\"Person\",\"@id\":\"https:\/\/andygalexandru.com\/#\/schema\/person\/3670e6f0a90d748f1db65a598e5b0c1b\",\"name\":\"usrandyprs\",\"image\":{\"@type\":\"ImageObject\",\"inLanguage\":\"en-US\",\"@id\":\"https:\/\/andygalexandru.com\/#\/schema\/person\/image\/\",\"url\":\"https:\/\/secure.gravatar.com\/avatar\/b342eb5ef9dc298d68c6a3bc9ebd122c126851004d73046eb4d7e13d2fcd8b22?s=96&d=mm&r=g\",\"contentUrl\":\"https:\/\/secure.gravatar.com\/avatar\/b342eb5ef9dc298d68c6a3bc9ebd122c126851004d73046eb4d7e13d2fcd8b22?s=96&d=mm&r=g\",\"caption\":\"usrandyprs\"},\"sameAs\":[\"http:\/\/andygalexandru.com\"],\"url\":\"https:\/\/andygalexandru.com\/?author=1\"}]}<\/script>\n<!-- \/ Yoast SEO plugin. -->","yoast_head_json":{"title":"C\u00e2t cost\u0103 o \u0219edin\u021b\u0103 foto \u00een Bucure\u0219ti \u00een 2026 | Ghid complet pre\u021buri","description":"Afl\u0103 c\u00e2t cost\u0103 o \u0219edin\u021b\u0103 foto \u00een Bucure\u0219ti. Vezi tarife reale pentru fotograf, editare, studio \u0219i ce include o sesiune profesional\u0103.","robots":{"index":"index","follow":"follow","max-snippet":"max-snippet:-1","max-image-preview":"max-image-preview:large","max-video-preview":"max-video-preview:-1"},"canonical":"https:\/\/andygalexandru.com\/?p=887","og_locale":"en_US","og_type":"article","og_title":"C\u00e2t cost\u0103 o \u0219edin\u021b\u0103 foto \u00een Bucure\u0219ti \u00een 2026 | Ghid complet pre\u021buri","og_description":"Afl\u0103 c\u00e2t cost\u0103 o \u0219edin\u021b\u0103 foto \u00een Bucure\u0219ti. Vezi tarife reale pentru fotograf, editare, studio \u0219i ce include o sesiune profesional\u0103.","og_url":"https:\/\/andygalexandru.com\/?p=887","og_site_name":"Andy G. Alexandru","article_published_time":"2026-03-18T17:31:30+00:00","article_modified_time":"2026-03-18T17:31:31+00:00","og_image":[{"width":1920,"height":1080,"url":"https:\/\/andygalexandru.com\/wp-content\/uploads\/2026\/03\/sedinta-foto-bucuresti-pret-studio-portret.jpg","type":"image\/jpeg"}],"author":"usrandyprs","twitter_card":"summary_large_image","twitter_misc":{"Written by":"usrandyprs","Est. reading time":"3 minutes"},"schema":{"@context":"https:\/\/schema.org","@graph":[{"@type":"Article","@id":"https:\/\/andygalexandru.com\/?p=887#article","isPartOf":{"@id":"https:\/\/andygalexandru.com\/?p=887"},"author":{"name":"usrandyprs","@id":"https:\/\/andygalexandru.com\/#\/schema\/person\/3670e6f0a90d748f1db65a598e5b0c1b"},"headline":"C\u00e2t cost\u0103 o \u0219edin\u021b\u0103 foto \u00een Bucure\u0219ti","datePublished":"2026-03-18T17:31:30+00:00","dateModified":"2026-03-18T17:31:31+00:00","mainEntityOfPage":{"@id":"https:\/\/andygalexandru.com\/?p=887"},"wordCount":467,"commentCount":0,"publisher":{"@id":"https:\/\/andygalexandru.com\/#organization"},"image":{"@id":"https:\/\/andygalexandru.com\/?p=887#primaryimage"},"thumbnailUrl":"https:\/\/andygalexandru.com\/wp-content\/uploads\/2026\/03\/sedinta-foto-bucuresti-pret-studio-portret.jpg","articleSection":["Client Guide"],"inLanguage":"en-US","potentialAction":[{"@type":"CommentAction","name":"Comment","target":["https:\/\/andygalexandru.com\/?p=887#respond"]}]},{"@type":"WebPage","@id":"https:\/\/andygalexandru.com\/?p=887","url":"https:\/\/andygalexandru.com\/?p=887","name":"C\u00e2t cost\u0103 o \u0219edin\u021b\u0103 foto \u00een Bucure\u0219ti \u00een 2026 | Ghid complet pre\u021buri","isPartOf":{"@id":"https:\/\/andygalexandru.com\/#website"},"primaryImageOfPage":{"@id":"https:\/\/andygalexandru.com\/?p=887#primaryimage"},"image":{"@id":"https:\/\/andygalexandru.com\/?p=887#primaryimage"},"thumbnailUrl":"https:\/\/andygalexandru.com\/wp-content\/uploads\/2026\/03\/sedinta-foto-bucuresti-pret-studio-portret.jpg","datePublished":"2026-03-18T17:31:30+00:00","dateModified":"2026-03-18T17:31:31+00:00","description":"Afl\u0103 c\u00e2t cost\u0103 o \u0219edin\u021b\u0103 foto \u00een Bucure\u0219ti. Vezi tarife reale pentru fotograf, editare, studio \u0219i ce include o sesiune profesional\u0103.","breadcrumb":{"@id":"https:\/\/andygalexandru.com\/?p=887#breadcrumb"},"inLanguage":"en-US","potentialAction":[{"@type":"ReadAction","target":["https:\/\/andygalexandru.com\/?p=887"]}]},{"@type":"ImageObject","inLanguage":"en-US","@id":"https:\/\/andygalexandru.com\/?p=887#primaryimage","url":"https:\/\/andygalexandru.com\/wp-content\/uploads\/2026\/03\/sedinta-foto-bucuresti-pret-studio-portret.jpg","contentUrl":"https:\/\/andygalexandru.com\/wp-content\/uploads\/2026\/03\/sedinta-foto-bucuresti-pret-studio-portret.jpg","width":1920,"height":1080,"caption":"cat costa o sedinta foto in bucuresti studio portret profesional"},{"@type":"BreadcrumbList","@id":"https:\/\/andygalexandru.com\/?p=887#breadcrumb","itemListElement":[{"@type":"ListItem","position":1,"name":"Home","item":"https:\/\/andygalexandru.com\/"},{"@type":"ListItem","position":2,"name":"C\u00e2t cost\u0103 o \u0219edin\u021b\u0103 foto \u00een Bucure\u0219ti"}]},{"@type":"WebSite","@id":"https:\/\/andygalexandru.com\/#website","url":"https:\/\/andygalexandru.com\/","name":"Andy G. Alexandru","description":"Fotograf profesionist \u00een Bucure\u0219ti \u2013 Portrete, Fashion, Dans &amp; Peisaj","publisher":{"@id":"https:\/\/andygalexandru.com\/#organization"},"potentialAction":[{"@type":"SearchAction","target":{"@type":"EntryPoint","urlTemplate":"https:\/\/andygalexandru.com\/?s={search_term_string}"},"query-input":{"@type":"PropertyValueSpecification","valueRequired":true,"valueName":"search_term_string"}}],"inLanguage":"en-US"},{"@type":"Organization","@id":"https:\/\/andygalexandru.com\/#organization","name":"Andy G. Alexandru","url":"https:\/\/andygalexandru.com\/","logo":{"@type":"ImageObject","inLanguage":"en-US","@id":"https:\/\/andygalexandru.com\/#\/schema\/logo\/image\/","url":"https:\/\/andygalexandru.com\/wp-content\/uploads\/2026\/01\/signature-White.png","contentUrl":"https:\/\/andygalexandru.com\/wp-content\/uploads\/2026\/01\/signature-White.png","width":166,"height":70,"caption":"Andy G. Alexandru"},"image":{"@id":"https:\/\/andygalexandru.com\/#\/schema\/logo\/image\/"}},{"@type":"Person","@id":"https:\/\/andygalexandru.com\/#\/schema\/person\/3670e6f0a90d748f1db65a598e5b0c1b","name":"usrandyprs","image":{"@type":"ImageObject","inLanguage":"en-US","@id":"https:\/\/andygalexandru.com\/#\/schema\/person\/image\/","url":"https:\/\/secure.gravatar.com\/avatar\/b342eb5ef9dc298d68c6a3bc9ebd122c126851004d73046eb4d7e13d2fcd8b22?s=96&d=mm&r=g","contentUrl":"https:\/\/secure.gravatar.com\/avatar\/b342eb5ef9dc298d68c6a3bc9ebd122c126851004d73046eb4d7e13d2fcd8b22?s=96&d=mm&r=g","caption":"usrandyprs"},"sameAs":["http:\/\/andygalexandru.com"],"url":"https:\/\/andygalexandru.com\/?author=1"}]}},"_links":{"self":[{"href":"https:\/\/andygalexandru.com\/index.php?rest_route=\/wp\/v2\/posts\/887","targetHints":{"allow":["GET"]}}],"collection":[{"href":"https:\/\/andygalexandru.com\/index.php?rest_route=\/wp\/v2\/posts"}],"about":[{"href":"https:\/\/andygalexandru.com\/index.php?rest_route=\/wp\/v2\/types\/post"}],"author":[{"embeddable":true,"href":"https:\/\/andygalexandru.com\/index.php?rest_route=\/wp\/v2\/users\/1"}],"replies":[{"embeddable":true,"href":"https:\/\/andygalexandru.com\/index.php?rest_route=%2Fwp%2Fv2%2Fcomments&post=887"}],"version-history":[{"count":1,"href":"https:\/\/andygalexandru.com\/index.php?rest_route=\/wp\/v2\/posts\/887\/revisions"}],"predecessor-version":[{"id":891,"href":"https:\/\/andygalexandru.com\/index.php?rest_route=\/wp\/v2\/posts\/887\/revisions\/891"}],"wp:featuredmedia":[{"embeddable":true,"href":"https:\/\/andygalexandru.com\/index.php?rest_route=\/wp\/v2\/media\/890"}],"wp:attachment":[{"href":"https:\/\/andygalexandru.com\/index.php?rest_route=%2Fwp%2Fv2%2Fmedia&parent=887"}],"wp:term":[{"taxonomy":"category","embeddable":true,"href":"https:\/\/andygalexandru.com\/index.php?rest_route=%2Fwp%2Fv2%2Fcategories&post=887"},{"taxonomy":"post_tag","embeddable":true,"href":"https:\/\/andygalexandru.com\/index.php?rest_route=%2Fwp%2Fv2%2Ftags&post=887"}],"curies":[{"name":"wp","href":"https:\/\/api.w.org\/{rel}","templated":true}]}}