{"id":884,"date":"2026-03-16T18:56:54","date_gmt":"2026-03-16T18:56:54","guid":{"rendered":"https:\/\/andygalexandru.com\/?p=884"},"modified":"2026-03-16T18:56:55","modified_gmt":"2026-03-16T18:56:55","slug":"cum-alegi-fotograf-profesionist-bucuresti","status":"publish","type":"post","link":"https:\/\/andygalexandru.com\/?p=884","title":{"rendered":"Cum alegi un fotograf profesionist \u00een Bucure\u0219ti"},"content":{"rendered":"\n<h1 class=\"wp-block-heading\"><br>Cum alegi un fotograf profesionist \u00een Bucure\u0219ti<\/h1>\n\n\n\n<p>Atunci c\u00e2nd cau\u021bi un fotograf profesionist \u00een Bucure\u0219ti, oferta poate p\u0103rea cople\u0219itoare. Exist\u0103 sute de fotografi care ofer\u0103 servicii pentru portrete, evenimente sau proiecte comerciale, iar alegerea celui potrivit poate face diferen\u021ba dintre fotografii obi\u0219nuite \u0219i imagini memorabile.<\/p>\n\n\n\n<p>Un fotograf bun nu \u00eenseamn\u0103 doar un aparat performant, ci experien\u021b\u0103, viziune artistic\u0103 \u0219i capacitatea de a crea imagini care spun o poveste. \u00cen acest articol vei descoperi c\u00e2teva criterii esen\u021biale care te pot ajuta s\u0103 alegi fotograful potrivit pentru proiectul t\u0103u.<\/p>\n\n\n\n<h2 class=\"wp-block-heading\"><br><br><strong>Analizeaz\u0103 portofoliul fotografului<\/strong><br><\/h2>\n\n\n\n<p>Primul lucru pe care ar trebui s\u0103 \u00eel verifici este portofoliul. Acesta \u00ee\u021bi arat\u0103 stilul fotografului, experien\u021ba \u0219i tipul de proiecte pe care le realizeaz\u0103.<\/p>\n\n\n\n<p>Un portofoliu bine construit ar trebui s\u0103 includ\u0103 imagini consistente din punct de vedere al luminii, compozi\u021biei \u0219i edit\u0103rii. Dac\u0103 observi c\u0103 fotografiile au o identitate vizual\u0103 clar\u0103, este un semn c\u0103 fotograful are un stil bine definit.<\/p>\n\n\n\n<p>De asemenea, este important ca portofoliul s\u0103 con\u021bin\u0103 fotografii similare cu ceea ce cau\u021bi. Dac\u0103 ai nevoie de un portret profesional sau de o \u0219edin\u021b\u0103 foto artistic\u0103, caut\u0103 exemple care reflect\u0103 acest tip de fotografie.<\/p>\n\n\n\n<h2 class=\"wp-block-heading\"><br><br><strong>Experien\u021ba \u0219i specializarea<\/strong><br><\/h2>\n\n\n\n<p>Un alt aspect important este experien\u021ba fotografului. Mul\u021bi fotografi se specializeaz\u0103 \u00eentr-un anumit tip de fotografie, cum ar fi portret, fashion, dans sau fotografie comercial\u0103.<\/p>\n\n\n\n<p>Experien\u021ba \u00eentr-o anumit\u0103 ni\u0219\u0103 poate face o diferen\u021b\u0103 major\u0103 \u00een rezultatul final. De exemplu, fotografia de portret sau fotografia de dans necesit\u0103 o \u00een\u021belegere foarte bun\u0103 a luminii, a mi\u0219c\u0103rii \u0219i a expresiei.<\/p>\n\n\n\n<p>Un fotograf cu experien\u021b\u0103 \u0219tie cum s\u0103 creeze o atmosfer\u0103 relaxat\u0103 \u00een timpul \u0219edin\u021bei foto \u0219i cum s\u0103 te ghideze pentru a ob\u021bine cele mai bune cadre.<\/p>\n\n\n\n<h2 class=\"wp-block-heading\"><br><br><strong>Stilul fotografic<\/strong><br><\/h2>\n\n\n\n<p>Fiecare fotograf are un stil propriu. Unii prefer\u0103 un stil natural \u0219i minimalist, \u00een timp ce al\u021bii folosesc iluminare dramatic\u0103 \u0219i compozi\u021bii artistice.<\/p>\n\n\n\n<p>\u00cenainte de a alege un fotograf, \u00eencearc\u0103 s\u0103 \u00ee\u021bi dai seama ce tip de fotografie te reprezint\u0103. Dac\u0103 \u00ee\u021bi plac imaginile elegante \u0219i expresive, ar trebui s\u0103 alegi un fotograf care are un portofoliu orientat c\u0103tre fotografie artistic\u0103 sau fine art.<\/p>\n\n\n\n<p>Compatibilitatea dintre stilul fotografului \u0219i ceea ce \u00ee\u021bi dore\u0219ti este esen\u021bial\u0103 pentru un rezultat reu\u0219it.<\/p>\n\n\n\n<h2 class=\"wp-block-heading\"><br><br><strong>Comunicarea \u0219i profesionalismul<\/strong><br><\/h2>\n\n\n\n<p>Un fotograf profesionist trebuie s\u0103 fie nu doar talentat, ci \u0219i organizat \u0219i comunicativ.<\/p>\n\n\n\n<p>\u00cenainte de o \u0219edin\u021b\u0103 foto, fotograful ar trebui s\u0103 \u00ee\u021bi explice clar cum se desf\u0103\u0219oar\u0103 procesul, c\u00e2t dureaz\u0103 sesiunea \u0219i cum vei primi fotografiile finale.<\/p>\n\n\n\n<p>O comunicare bun\u0103 creeaz\u0103 \u00eencredere \u0219i te ajut\u0103 s\u0103 te sim\u021bi confortabil \u00een fa\u021ba camerei.<\/p>\n\n\n\n<h2 class=\"wp-block-heading\"><br><br><strong>Recomand\u0103ri \u0219i recenzii<\/strong><br><\/h2>\n\n\n\n<p>Recenziile altor clien\u021bi pot oferi o perspectiv\u0103 util\u0103 asupra experien\u021bei de lucru cu un fotograf.<\/p>\n\n\n\n<p>Comentariile despre profesionalism, punctualitate \u0219i calitatea imaginilor pot confirma dac\u0103 fotograful este potrivit pentru proiectul t\u0103u.<\/p>\n\n\n\n<p>\u00cen multe cazuri, recomand\u0103rile personale sau experien\u021bele altor clien\u021bi sunt cel mai bun indicator al calit\u0103\u021bii serviciilor oferite.<\/p>\n\n\n\n<p>Alegerea unui fotograf profesionist \u00een Bucure\u0219ti nu trebuie s\u0103 fie o decizie dificil\u0103 dac\u0103 \u0219tii ce criterii s\u0103 urm\u0103re\u0219ti. Analizeaz\u0103 <a href=\"https:\/\/andygalexandru.com\/#portfoliu\">portofoliul<\/a>, stilul fotografic, experien\u021ba \u0219i modul \u00een care fotograful comunic\u0103 cu clien\u021bii.<\/p>\n\n\n\n<p>O \u0219edin\u021b\u0103 foto reu\u0219it\u0103 \u00eencepe \u00eentotdeauna cu alegerea <a href=\"https:\/\/andygalexandru.com\/#contact\">fotografului potrivit<\/a>. Atunci c\u00e2nd g\u0103se\u0219ti un profesionist care \u00ee\u021bi \u00een\u021belege viziunea, rezultatul va fi o serie de imagini care \u00ee\u021bi vor r\u0103m\u00e2ne valoroase mult timp.<\/p>\n","protected":false},"excerpt":{"rendered":"<p>Cum alegi un fotograf profesionist \u00een Bucure\u0219ti Atunci c\u00e2nd cau\u021bi un fotograf profesionist \u00een Bucure\u0219ti, &#8230;<\/p>\n","protected":false},"author":1,"featured_media":885,"comment_status":"open","ping_status":"open","sticky":false,"template":"","format":"standard","meta":{"footnotes":""},"categories":[14,5],"tags":[],"class_list":["post-884","post","type-post","status-publish","format-standard","has-post-thumbnail","hentry","category-behind-the-scenes","category-client-guide"],"yoast_head":"<!-- This site is optimized with the Yoast SEO plugin v27.1.1 - https:\/\/yoast.com\/product\/yoast-seo-wordpress\/ -->\n<title>Cum alegi un fotograf profesionist \u00een Bucure\u0219ti | Ghid complet<\/title>\n<meta name=\"description\" content=\"Afl\u0103 cum s\u0103 alegi un fotograf profesionist \u00een Bucure\u0219ti. Sfaturi despre portofoliu, stil, experien\u021b\u0103 \u0219i cum s\u0103 ob\u021bii cele mai bune fotografii.\" \/>\n<meta name=\"robots\" content=\"index, follow, max-snippet:-1, max-image-preview:large, max-video-preview:-1\" \/>\n<link rel=\"canonical\" href=\"https:\/\/andygalexandru.com\/?p=884\" \/>\n<meta property=\"og:locale\" content=\"en_US\" \/>\n<meta property=\"og:type\" content=\"article\" \/>\n<meta property=\"og:title\" content=\"Cum alegi un fotograf profesionist \u00een Bucure\u0219ti | Ghid complet\" \/>\n<meta property=\"og:description\" content=\"Afl\u0103 cum s\u0103 alegi un fotograf profesionist \u00een Bucure\u0219ti. Sfaturi despre portofoliu, stil, experien\u021b\u0103 \u0219i cum s\u0103 ob\u021bii cele mai bune fotografii.\" \/>\n<meta property=\"og:url\" content=\"https:\/\/andygalexandru.com\/?p=884\" \/>\n<meta property=\"og:site_name\" content=\"Andy G. Alexandru\" \/>\n<meta property=\"article:published_time\" content=\"2026-03-16T18:56:54+00:00\" \/>\n<meta property=\"article:modified_time\" content=\"2026-03-16T18:56:55+00:00\" \/>\n<meta property=\"og:image\" content=\"https:\/\/andygalexandru.com\/wp-content\/uploads\/2026\/03\/fotograf-profesionist-bucuresti-portret-studio.jpg\" \/>\n\t<meta property=\"og:image:width\" content=\"1920\" \/>\n\t<meta property=\"og:image:height\" content=\"1080\" \/>\n\t<meta property=\"og:image:type\" content=\"image\/jpeg\" \/>\n<meta name=\"author\" content=\"usrandyprs\" \/>\n<meta name=\"twitter:card\" content=\"summary_large_image\" \/>\n<meta name=\"twitter:label1\" content=\"Written by\" \/>\n\t<meta name=\"twitter:data1\" content=\"usrandyprs\" \/>\n\t<meta name=\"twitter:label2\" content=\"Est. reading time\" \/>\n\t<meta name=\"twitter:data2\" content=\"3 minutes\" \/>\n<script type=\"application\/ld+json\" class=\"yoast-schema-graph\">{\"@context\":\"https:\/\/schema.org\",\"@graph\":[{\"@type\":\"Article\",\"@id\":\"https:\/\/andygalexandru.com\/?p=884#article\",\"isPartOf\":{\"@id\":\"https:\/\/andygalexandru.com\/?p=884\"},\"author\":{\"name\":\"usrandyprs\",\"@id\":\"https:\/\/andygalexandru.com\/#\/schema\/person\/3670e6f0a90d748f1db65a598e5b0c1b\"},\"headline\":\"Cum alegi un fotograf profesionist \u00een Bucure\u0219ti\",\"datePublished\":\"2026-03-16T18:56:54+00:00\",\"dateModified\":\"2026-03-16T18:56:55+00:00\",\"mainEntityOfPage\":{\"@id\":\"https:\/\/andygalexandru.com\/?p=884\"},\"wordCount\":594,\"commentCount\":0,\"publisher\":{\"@id\":\"https:\/\/andygalexandru.com\/#organization\"},\"image\":{\"@id\":\"https:\/\/andygalexandru.com\/?p=884#primaryimage\"},\"thumbnailUrl\":\"https:\/\/andygalexandru.com\/wp-content\/uploads\/2026\/03\/fotograf-profesionist-bucuresti-portret-studio.jpg\",\"articleSection\":[\"Behind the Scenes\",\"Client Guide\"],\"inLanguage\":\"en-US\",\"potentialAction\":[{\"@type\":\"CommentAction\",\"name\":\"Comment\",\"target\":[\"https:\/\/andygalexandru.com\/?p=884#respond\"]}]},{\"@type\":\"WebPage\",\"@id\":\"https:\/\/andygalexandru.com\/?p=884\",\"url\":\"https:\/\/andygalexandru.com\/?p=884\",\"name\":\"Cum alegi un fotograf profesionist \u00een Bucure\u0219ti | Ghid complet\",\"isPartOf\":{\"@id\":\"https:\/\/andygalexandru.com\/#website\"},\"primaryImageOfPage\":{\"@id\":\"https:\/\/andygalexandru.com\/?p=884#primaryimage\"},\"image\":{\"@id\":\"https:\/\/andygalexandru.com\/?p=884#primaryimage\"},\"thumbnailUrl\":\"https:\/\/andygalexandru.com\/wp-content\/uploads\/2026\/03\/fotograf-profesionist-bucuresti-portret-studio.jpg\",\"datePublished\":\"2026-03-16T18:56:54+00:00\",\"dateModified\":\"2026-03-16T18:56:55+00:00\",\"description\":\"Afl\u0103 cum s\u0103 alegi un fotograf profesionist \u00een Bucure\u0219ti. Sfaturi despre portofoliu, stil, experien\u021b\u0103 \u0219i cum s\u0103 ob\u021bii cele mai bune fotografii.\",\"breadcrumb\":{\"@id\":\"https:\/\/andygalexandru.com\/?p=884#breadcrumb\"},\"inLanguage\":\"en-US\",\"potentialAction\":[{\"@type\":\"ReadAction\",\"target\":[\"https:\/\/andygalexandru.com\/?p=884\"]}]},{\"@type\":\"ImageObject\",\"inLanguage\":\"en-US\",\"@id\":\"https:\/\/andygalexandru.com\/?p=884#primaryimage\",\"url\":\"https:\/\/andygalexandru.com\/wp-content\/uploads\/2026\/03\/fotograf-profesionist-bucuresti-portret-studio.jpg\",\"contentUrl\":\"https:\/\/andygalexandru.com\/wp-content\/uploads\/2026\/03\/fotograf-profesionist-bucuresti-portret-studio.jpg\",\"width\":1920,\"height\":1080},{\"@type\":\"BreadcrumbList\",\"@id\":\"https:\/\/andygalexandru.com\/?p=884#breadcrumb\",\"itemListElement\":[{\"@type\":\"ListItem\",\"position\":1,\"name\":\"Home\",\"item\":\"https:\/\/andygalexandru.com\/\"},{\"@type\":\"ListItem\",\"position\":2,\"name\":\"Cum alegi un fotograf profesionist \u00een Bucure\u0219ti\"}]},{\"@type\":\"WebSite\",\"@id\":\"https:\/\/andygalexandru.com\/#website\",\"url\":\"https:\/\/andygalexandru.com\/\",\"name\":\"Andy G. Alexandru\",\"description\":\"Fotograf profesionist \u00een Bucure\u0219ti \u2013 Portrete, Fashion, Dans &amp; Peisaj\",\"publisher\":{\"@id\":\"https:\/\/andygalexandru.com\/#organization\"},\"potentialAction\":[{\"@type\":\"SearchAction\",\"target\":{\"@type\":\"EntryPoint\",\"urlTemplate\":\"https:\/\/andygalexandru.com\/?s={search_term_string}\"},\"query-input\":{\"@type\":\"PropertyValueSpecification\",\"valueRequired\":true,\"valueName\":\"search_term_string\"}}],\"inLanguage\":\"en-US\"},{\"@type\":\"Organization\",\"@id\":\"https:\/\/andygalexandru.com\/#organization\",\"name\":\"Andy G. Alexandru\",\"url\":\"https:\/\/andygalexandru.com\/\",\"logo\":{\"@type\":\"ImageObject\",\"inLanguage\":\"en-US\",\"@id\":\"https:\/\/andygalexandru.com\/#\/schema\/logo\/image\/\",\"url\":\"https:\/\/andygalexandru.com\/wp-content\/uploads\/2026\/01\/signature-White.png\",\"contentUrl\":\"https:\/\/andygalexandru.com\/wp-content\/uploads\/2026\/01\/signature-White.png\",\"width\":166,\"height\":70,\"caption\":\"Andy G. Alexandru\"},\"image\":{\"@id\":\"https:\/\/andygalexandru.com\/#\/schema\/logo\/image\/\"}},{\"@type\":\"Person\",\"@id\":\"https:\/\/andygalexandru.com\/#\/schema\/person\/3670e6f0a90d748f1db65a598e5b0c1b\",\"name\":\"usrandyprs\",\"image\":{\"@type\":\"ImageObject\",\"inLanguage\":\"en-US\",\"@id\":\"https:\/\/andygalexandru.com\/#\/schema\/person\/image\/\",\"url\":\"https:\/\/secure.gravatar.com\/avatar\/b342eb5ef9dc298d68c6a3bc9ebd122c126851004d73046eb4d7e13d2fcd8b22?s=96&d=mm&r=g\",\"contentUrl\":\"https:\/\/secure.gravatar.com\/avatar\/b342eb5ef9dc298d68c6a3bc9ebd122c126851004d73046eb4d7e13d2fcd8b22?s=96&d=mm&r=g\",\"caption\":\"usrandyprs\"},\"sameAs\":[\"http:\/\/andygalexandru.com\"],\"url\":\"https:\/\/andygalexandru.com\/?author=1\"}]}<\/script>\n<!-- \/ Yoast SEO plugin. -->","yoast_head_json":{"title":"Cum alegi un fotograf profesionist \u00een Bucure\u0219ti | Ghid complet","description":"Afl\u0103 cum s\u0103 alegi un fotograf profesionist \u00een Bucure\u0219ti. Sfaturi despre portofoliu, stil, experien\u021b\u0103 \u0219i cum s\u0103 ob\u021bii cele mai bune fotografii.","robots":{"index":"index","follow":"follow","max-snippet":"max-snippet:-1","max-image-preview":"max-image-preview:large","max-video-preview":"max-video-preview:-1"},"canonical":"https:\/\/andygalexandru.com\/?p=884","og_locale":"en_US","og_type":"article","og_title":"Cum alegi un fotograf profesionist \u00een Bucure\u0219ti | Ghid complet","og_description":"Afl\u0103 cum s\u0103 alegi un fotograf profesionist \u00een Bucure\u0219ti. Sfaturi despre portofoliu, stil, experien\u021b\u0103 \u0219i cum s\u0103 ob\u021bii cele mai bune fotografii.","og_url":"https:\/\/andygalexandru.com\/?p=884","og_site_name":"Andy G. Alexandru","article_published_time":"2026-03-16T18:56:54+00:00","article_modified_time":"2026-03-16T18:56:55+00:00","og_image":[{"width":1920,"height":1080,"url":"https:\/\/andygalexandru.com\/wp-content\/uploads\/2026\/03\/fotograf-profesionist-bucuresti-portret-studio.jpg","type":"image\/jpeg"}],"author":"usrandyprs","twitter_card":"summary_large_image","twitter_misc":{"Written by":"usrandyprs","Est. reading time":"3 minutes"},"schema":{"@context":"https:\/\/schema.org","@graph":[{"@type":"Article","@id":"https:\/\/andygalexandru.com\/?p=884#article","isPartOf":{"@id":"https:\/\/andygalexandru.com\/?p=884"},"author":{"name":"usrandyprs","@id":"https:\/\/andygalexandru.com\/#\/schema\/person\/3670e6f0a90d748f1db65a598e5b0c1b"},"headline":"Cum alegi un fotograf profesionist \u00een Bucure\u0219ti","datePublished":"2026-03-16T18:56:54+00:00","dateModified":"2026-03-16T18:56:55+00:00","mainEntityOfPage":{"@id":"https:\/\/andygalexandru.com\/?p=884"},"wordCount":594,"commentCount":0,"publisher":{"@id":"https:\/\/andygalexandru.com\/#organization"},"image":{"@id":"https:\/\/andygalexandru.com\/?p=884#primaryimage"},"thumbnailUrl":"https:\/\/andygalexandru.com\/wp-content\/uploads\/2026\/03\/fotograf-profesionist-bucuresti-portret-studio.jpg","articleSection":["Behind the Scenes","Client Guide"],"inLanguage":"en-US","potentialAction":[{"@type":"CommentAction","name":"Comment","target":["https:\/\/andygalexandru.com\/?p=884#respond"]}]},{"@type":"WebPage","@id":"https:\/\/andygalexandru.com\/?p=884","url":"https:\/\/andygalexandru.com\/?p=884","name":"Cum alegi un fotograf profesionist \u00een Bucure\u0219ti | Ghid complet","isPartOf":{"@id":"https:\/\/andygalexandru.com\/#website"},"primaryImageOfPage":{"@id":"https:\/\/andygalexandru.com\/?p=884#primaryimage"},"image":{"@id":"https:\/\/andygalexandru.com\/?p=884#primaryimage"},"thumbnailUrl":"https:\/\/andygalexandru.com\/wp-content\/uploads\/2026\/03\/fotograf-profesionist-bucuresti-portret-studio.jpg","datePublished":"2026-03-16T18:56:54+00:00","dateModified":"2026-03-16T18:56:55+00:00","description":"Afl\u0103 cum s\u0103 alegi un fotograf profesionist \u00een Bucure\u0219ti. Sfaturi despre portofoliu, stil, experien\u021b\u0103 \u0219i cum s\u0103 ob\u021bii cele mai bune fotografii.","breadcrumb":{"@id":"https:\/\/andygalexandru.com\/?p=884#breadcrumb"},"inLanguage":"en-US","potentialAction":[{"@type":"ReadAction","target":["https:\/\/andygalexandru.com\/?p=884"]}]},{"@type":"ImageObject","inLanguage":"en-US","@id":"https:\/\/andygalexandru.com\/?p=884#primaryimage","url":"https:\/\/andygalexandru.com\/wp-content\/uploads\/2026\/03\/fotograf-profesionist-bucuresti-portret-studio.jpg","contentUrl":"https:\/\/andygalexandru.com\/wp-content\/uploads\/2026\/03\/fotograf-profesionist-bucuresti-portret-studio.jpg","width":1920,"height":1080},{"@type":"BreadcrumbList","@id":"https:\/\/andygalexandru.com\/?p=884#breadcrumb","itemListElement":[{"@type":"ListItem","position":1,"name":"Home","item":"https:\/\/andygalexandru.com\/"},{"@type":"ListItem","position":2,"name":"Cum alegi un fotograf profesionist \u00een Bucure\u0219ti"}]},{"@type":"WebSite","@id":"https:\/\/andygalexandru.com\/#website","url":"https:\/\/andygalexandru.com\/","name":"Andy G. Alexandru","description":"Fotograf profesionist \u00een Bucure\u0219ti \u2013 Portrete, Fashion, Dans &amp; Peisaj","publisher":{"@id":"https:\/\/andygalexandru.com\/#organization"},"potentialAction":[{"@type":"SearchAction","target":{"@type":"EntryPoint","urlTemplate":"https:\/\/andygalexandru.com\/?s={search_term_string}"},"query-input":{"@type":"PropertyValueSpecification","valueRequired":true,"valueName":"search_term_string"}}],"inLanguage":"en-US"},{"@type":"Organization","@id":"https:\/\/andygalexandru.com\/#organization","name":"Andy G. Alexandru","url":"https:\/\/andygalexandru.com\/","logo":{"@type":"ImageObject","inLanguage":"en-US","@id":"https:\/\/andygalexandru.com\/#\/schema\/logo\/image\/","url":"https:\/\/andygalexandru.com\/wp-content\/uploads\/2026\/01\/signature-White.png","contentUrl":"https:\/\/andygalexandru.com\/wp-content\/uploads\/2026\/01\/signature-White.png","width":166,"height":70,"caption":"Andy G. Alexandru"},"image":{"@id":"https:\/\/andygalexandru.com\/#\/schema\/logo\/image\/"}},{"@type":"Person","@id":"https:\/\/andygalexandru.com\/#\/schema\/person\/3670e6f0a90d748f1db65a598e5b0c1b","name":"usrandyprs","image":{"@type":"ImageObject","inLanguage":"en-US","@id":"https:\/\/andygalexandru.com\/#\/schema\/person\/image\/","url":"https:\/\/secure.gravatar.com\/avatar\/b342eb5ef9dc298d68c6a3bc9ebd122c126851004d73046eb4d7e13d2fcd8b22?s=96&d=mm&r=g","contentUrl":"https:\/\/secure.gravatar.com\/avatar\/b342eb5ef9dc298d68c6a3bc9ebd122c126851004d73046eb4d7e13d2fcd8b22?s=96&d=mm&r=g","caption":"usrandyprs"},"sameAs":["http:\/\/andygalexandru.com"],"url":"https:\/\/andygalexandru.com\/?author=1"}]}},"_links":{"self":[{"href":"https:\/\/andygalexandru.com\/index.php?rest_route=\/wp\/v2\/posts\/884","targetHints":{"allow":["GET"]}}],"collection":[{"href":"https:\/\/andygalexandru.com\/index.php?rest_route=\/wp\/v2\/posts"}],"about":[{"href":"https:\/\/andygalexandru.com\/index.php?rest_route=\/wp\/v2\/types\/post"}],"author":[{"embeddable":true,"href":"https:\/\/andygalexandru.com\/index.php?rest_route=\/wp\/v2\/users\/1"}],"replies":[{"embeddable":true,"href":"https:\/\/andygalexandru.com\/index.php?rest_route=%2Fwp%2Fv2%2Fcomments&post=884"}],"version-history":[{"count":1,"href":"https:\/\/andygalexandru.com\/index.php?rest_route=\/wp\/v2\/posts\/884\/revisions"}],"predecessor-version":[{"id":886,"href":"https:\/\/andygalexandru.com\/index.php?rest_route=\/wp\/v2\/posts\/884\/revisions\/886"}],"wp:featuredmedia":[{"embeddable":true,"href":"https:\/\/andygalexandru.com\/index.php?rest_route=\/wp\/v2\/media\/885"}],"wp:attachment":[{"href":"https:\/\/andygalexandru.com\/index.php?rest_route=%2Fwp%2Fv2%2Fmedia&parent=884"}],"wp:term":[{"taxonomy":"category","embeddable":true,"href":"https:\/\/andygalexandru.com\/index.php?rest_route=%2Fwp%2Fv2%2Fcategories&post=884"},{"taxonomy":"post_tag","embeddable":true,"href":"https:\/\/andygalexandru.com\/index.php?rest_route=%2Fwp%2Fv2%2Ftags&post=884"}],"curies":[{"name":"wp","href":"https:\/\/api.w.org\/{rel}","templated":true}]}}